{"id":22839,"date":"2024-01-21T12:06:30","date_gmt":"2024-01-21T12:06:30","guid":{"rendered":"https:\/\/savaball.at\/?p=22839"},"modified":"2024-11-20T10:11:43","modified_gmt":"2024-11-20T10:11:43","slug":"25-svetosavski-bal","status":"publish","type":"post","link":"https:\/\/savaball.at\/de\/25-svetosavski-bal\/","title":{"rendered":"25.\u00a0Savaball"},"content":{"rendered":"\n<p><strong>Austrijski kancelar na jubilarnom 25. Svetosavskom balu<\/strong><\/p>\n\n<p>Jubilarni 25. Svetosavski bal u Be\u010du uspe\u0161no je odr\u017ean u presti\u017enom balskom prostoru be\u010dkog Hofburga, u 12 sala\u00a0 sa preko 2000 gostiju iz razli\u010ditih zemalja i po\u010dasnim gostom, austrijskim kancelarom Karlom Nehamerom. Svetosavski bal u glavnom gradu Austrije je jedan od najpresti\u017enijih doga\u0111aja u dijaspori koji organizuje udru\u017eenje \u201eSrpski centar\u201c iz Be\u010da.<\/p>\n\n<p><strong>Pro\u0161irenje prostora<\/strong><\/p>\n\n<p>Ovo je druga godina odr\u017eavanja Svetosavskog bala u be\u010dkom Hofburgu. Ovogodi\u0161nji bal je jo\u0161 impozantniji u odnosu na prethodnu godinu zbog pro\u0161irenja kapaciteta. Na ovogodi\u0161njem balu su umetnici nastupali na \u010detiri bine, a zbog pove\u0107anog broja gostiju sve\u010danost je odr\u017eana u \u010dak 12 prostorija.<\/p>\n\n<p>Balski program se odvijao u \u010detiri velike sale, dok su prate\u0107e prostorije imale svoje sadr\u017eaje. U 21 \u010das je otpo\u010delo ceremonijalno otvaranje\u00a0 bala uz izvo\u0111enje Starogradske pesme ,,Jesenje li\u0161\u0107e&#8220; sa muzi\u010dkom pratnjom simfonijskoga orkestra i hora Srpskog narodnog pozorista (SNP) iz Novog Sada.<\/p>\n\n<p>Be\u010dke balove karakteri\u0161u sve\u010dana ceremonija otvaranja, \u0161to je bio deo i Svetosavskog bala. Ceremonijalno otvaranje su pratili zvuci valcera. Uz zvuke mar\u0161a \u201e1300 kaplara\u201c u\u0161etali su prvo \u010dlanovi balskog organizacionog odbora udru\u017eenja \u201cSrpski centar\u201d kao i umetni\u010dki direktor Milorad Samard\u017eija i muzi\u010dki direktor Ivan Ili\u0107 . U organizacionom odboru bala bili su pored predsednika Srpskog centra Milana Vidovi\u0107a i Branko Jovovi\u0107, Nikola Osmokrovi\u0107,\u00a0 Bogdan Osmokrovi\u0107, Aleksandar Mati\u0107, Janko Mati\u0107 i Aleksa Zdravkovi\u0107.<\/p>\n\n<p>Predsednik organizacije \u201cSrpski centar\u201d Milan Vidovi\u0107 je po\u017eeleo dobrodo\u0161licu gostima: \u201c2024. godina je godina jubileja. Po 25. put, nakon obnavljanja tradicije odr\u017eavanja Svetosavskog bala u Be\u010du 1998. godine, Srpski kadril, koji je Johan Straus Mladi komponovao 1846. godine, odjeknu\u0107e u pono\u0107 u Hofburgu. lstovremeno, ove godine slavimo 150 godina diplomatskih odnosa izme\u0111u Srbije i Austrije. Gdje drugde mo\u017ee biti bolje proslavljen ovaj jubilej, nego na Svetosavskom balu, gdje se srpska i austrijska kultura isprepli\u0107u u ne\u0161to jedinstveno\u201d, re\u010di su kojima je bal otvoren.<\/p>\n\n<p>Nastupili su vokalni solisti Jelena Gavrilovi\u0107, Princ, Nevena Reljin i Zoran \u0160andorov. Nakon pono\u0107nog izvo\u0111enja Srpskog kadrila, kompozicije Johana \u0160trausa sina usledio je pono\u0107ni program beogradskog kabarea \u201cLafajet\u201d a zatim i nastup na\u0161e muzi\u010dke zvezde\u00a0 \u017deljka Joksimovi\u0107a u pratnji Big benda. Paralelno sa glavnom-sve\u010danom salom u ceremonijalnoj su nastupali vokalni solisti Ana \u0160tajdohar sa svojim bendom i A:kultura bend. U vite\u0161koj sali goste su odu\u0161evili tambura\u0161 Bako Jovanovi\u0107 sa svojim bendom i d\u017eez-trio Dusha Connection, a u Hofburg salonu di-d\u017eej Mel Merio i popularni MKDSL.<\/p>\n\n<p>U ulozi voditelja ovogodi\u0161njeg bala na\u0161li su se novinar Aleksandar Stojanovi\u0107, uz podr\u0161ku na nema\u010dkom jeziku glumice Ivane Urban.<\/p>\n\n<p>Organizatori su i vi\u0161e nego uspe\u0161no obavili svoj zadatak uz podr\u0161ku sponzora, partnera i prijatelja Svetosavskog bala, koje \u010dini preko 70 preduze\u0107a i organizacija. Posebnu zahvalnost duguju pokroviteljima doga\u0111aja, Ambasadi Republike Srbije u Austriji, kao i platinastim sponzorima, Rajfajzen banci Srbija i Rajfajzen banci internacional. Bez podr\u0161ke partnera, Autonomne Pokrajine Vojvodine i Republike Srpske, kao i zlatnih i srebrnih sponzora, medijskih partnera i prijatelja bala, ovaj doga\u0111aj zasigurno ne bi mogao da se odr\u017ei na ovako visokom nivou.<\/p>\n\n<p><strong>Humanitarni karakter i pomo\u0107 Daun Sindrom centru iz Banja Luke<\/strong><\/p>\n\n<p>\u0160ti\u0107enici Daun Sindrom centra iz Banja Luke bili su po\u010dasni gosti bala, kojima \u0107e biti donirana prikupljena nov\u010dana sredstva.\u00a0<\/p>\n\n<p>Humanitarni karakter bala je njegova va\u017ena osnova. Tako su gosti bala bili i deo projekta kojim se za \u010dlanove Daun Sindrom centra iz Banja Luke obezbe\u0111uje kombi vozilo u vrednosti od 20.000 evra. Vozilo \u0107e olak\u0161ati njihov svakodnevni \u017eivot i putovanja do Jahorine, gde rade u ugostiteljstvu, pru\u017eaju\u0107i im na taj na\u010din priliku za samostalnost i radnu rehabilitaciju.<\/p>\n\n<p>U svrhe prikupljanja ovih sredstava svoje slike su na aukcionu prodaju stavile na raspolaganje umetnice Gala \u010caki, Natalija Ribovi\u0107, Jelena Mandi\u0107 i Aleksandra Kokotovi\u0107. U humanitarnoj akciji se u\u010destvovalo i kupovinom lozova humanitarne tombole ili uplatom donacije na humanitarni ra\u010dun Srpskog centra.<\/p>\n\n<p><strong>Prate\u0107i i uslu\u017eni program bala<\/strong><\/p>\n\n<p>Pored muzi\u010dkog i umetni\u010dkog programa u \u010detiri sale, u preostalim prostorijama Hofburga gosti su mogli posetiti dodatni sadr\u017eaj kako bi upotpunili iskustvo. U zimskoj ba\u0161ti su mogli oprobati ukus uz \u010dokoladnu fontanu be\u010dkog Muzeja \u010dokolade ili saznati vi\u0161e o istoriji srpskih balova na \u0161tandu Istorijskog muzeja iz Beograda. Tako\u0111e se\u00a0 u\u017eivalo u ukusima srpskih delikatesa uz Sala kraljevske svite i \u0161tand Meze&amp;Sliva.\u00a0<\/p>\n\n<p>Bal je okupio veliki broj prominentnih gostiju, te je na ovom balu po\u010dasni gost bio austrijski kancelar Karl Nehamer, zatim ministarka Suzane Rab, supruga predsednika Republike Srbije Tamara Vu\u010di\u0107, kao i predsednik vlade Vojvodine Igor Mirovi\u0107. Pokrovitelj bala je bio ambasador Republike Srbije u Austriji, Marko Blagojevi\u0107, a prisutni su bili i direktor Uprave za saradnju sa dijasporom i Srbima u regionu Arno Gujon, glumci Branka Puji\u0107 i Dragan Jovanovi\u0107, kao i glumac Lazar Ristovski, te brojni vojni ata\u0161ei i privrednici.<\/p>\n\n<p><strong>Tradicija ples publike uz Srpski kadril<\/strong><\/p>\n\n<p>U maniru be\u010dkih balova, prire\u0111ena je vrhunska ta\u010dka pono\u0107nog dodatka, na kojoj su igra\u010di i plesa\u010di po drugi put u Hofburg palati izveli \u201eSrpski kadril\u201c Johana \u0160trausa Mla\u0111eg. Programski je osmi\u0161ljeno da ovo bude i kadril publike, te su svi bili pozvani da zaple\u0161u. Taktovi ove \u010duvene kompozicije, \u010dije je izvo\u0111enje neizostavna ta\u010dka Svetosavskog bala, prepunili su u pono\u0107 plesni podijum.<\/p>\n\n<p>Regionalni umetnik, \u017deljko Joksimovi\u0107: \u201eJako sam sre\u0107an \u0161to sam prvi put na ovakvoj vrsti bala. Kada sam saznao istoriju ovih balova koji se odr\u017eavaju od 1846. godine, moram re\u0107i da je impresivno videti na jednom mestu, ovakvu gra\u0111evinu i ovakvu vrstu energije, koja se zaista prepozna \u010dim se u\u0111e u ovaj velelepni dvorac. Jako sam po\u010dastvovan \u0161to nastupam ovde. Zahvalio bih se organizatorima koji su fantasti\u010dno ovo napravili, zaista impresivno i vredno je pomena na svim meridijanima. Hvala vam svima.\u201c<\/p>\n\n<p>Izjava direktora Uprave za saradnju sa dijasporom i Srbima u regionu Arna Gujona medijima: \u201eVe\u010deras su svi Srbi iz Austrije i Be\u010da ujedinjeni i slo\u017eni. Ovakvi doga\u0111aji pokazuju ono najbolje \u0161to imamo u dijaspori i Srbiji, kao \u0161to to pokazujemo Austrijancima tako to pokazujemo i sebi. Jedinstvo u srpskoj zajednici je zbog ovih doga\u0111aja jo\u0161 ve\u0107e. Program 25. Svetosavskog\u00a0 bala ima razli\u010dite stilove, razli\u010dite izvo\u0111a\u010de ali \u0107e svakim delom predstaviti srpsku kulturu, mislim da \u0107e bal kvalitetom programa pokazati da Srbi kao \u0161to znaju da igraju kolo, znaju i da igraju valcer. Spoj tradicije i modernosti je posebno karakteristi\u010dno za Srpski narod. \u201c<\/p>\n\n<p>Ambasador Republike Srbije u Republici Austriji &#8211; Marko Blagojevi\u0107: \u201ePrisustvujemo sve\u010danosti organizovanoj u zemlji koja sa na\u0161om ba\u0161tini vi\u0161eslojne i vi\u0161evekovne odnose. Najva\u017enije li\u010dnosti Srbije i Austrije protkane su kroz zajedni\u010dku istoriju i kulturu i zato je ovaj ve\u010dera\u0161nji pies najbolji putokaz za budu\u0107nost. On je simbol na\u0161e sabornosti za koju je uvek pravo, ako ne i krajnje vreme, poruka u\u010dvr\u0161\u0107ivanja zajedni\u010dkih veza i uzajamne podr\u0161ke Srbije i Austrije. lstorija na\u0161ih odnosa je ve\u0107 dosta rekla, a ima\u0107e, sigurno, jo\u0161 mnogo toga da doda, nadamo se i verujemo u svetlu napretka i me\u0111usobnog po\u0161tovanja. Se\u0107aju\u0107i se veli\u010danstvenih li\u010dnosti, ve\u010deras \u0107emo uspomenom na njih potvrditi visoke ciljeve kojima stremimo u nameri da budemo dostojni predaka \u010dije ime nosimo i \u010dija krv te\u010de na\u0161im venama. Okupiv\u0161i se na ovom mestu, utvr\u0111ujemo veze na\u0161eg nepatvorenog prijateljstva, samo\u017ertvenu, nesebi\u010dnu ljubav srpskog roda posve\u0107enu \u010dovekoljublju i solidarnosti me\u0111u narodima. \u010cestitam na sve\u010danosti koju ste organizovali!\u201d<\/p>\n\n<p>Predsednik Vlade Vojvodine, Igor Mirovi\u0107: \u201eZajedni\u0161tvo je jako va\u017eno i zato je Vojvodina pomogla ovakvoj manifestaciji koju organizuje Srpski centar koji ima veliku tradiciju i poma\u017ee da se u Be\u010du organizuju ovakve manifestacije, da se ne zaboravi na\u0161 jezik, na\u0161i obi\u010daji i na\u0161a tradicija. Slu\u0161ao sam mnogo kako izgleda Svetosavski bal u Be\u010du ali to treba do\u017eiveti.\u201c<\/p>\n\n<p>Tamara Ra\u0111enovi\u0107, operska umetnica.\u201cSmatram da je ovaj doga\u0111aj od velike va\u017enosti pre svega jer ima humanitarni karakter i mislim da je to najbitniji aspekt na\u0161eg okupljanja. Da radimo ne\u0161to lepo, humano i ja se uvek odazivam na humanitarne doga\u0111aje. Sve je potpuno bajkovito, kao da smo se vratili u pro\u0161lost u kojoj su valceri bili glavna vrsta doga\u0111aja.\u201c<\/p>\n\n<p>Vesna de Vin\u010da, televizijski autor, producent: \u201cJa ve\u0107 godinama dolazim na Svetosavski bal. Ve\u010deras je toliko izuzetno, toliko fantasti\u010dno, odu\u0161evljena sam organizacijom, orkestrom koji nastupa. Srbi u Be\u010du i u Srbiji treba da su ponosni.\u201d<\/p>\n\n<p>Nikola Rokvi\u0107, estradni umetnik: \u201cJa sam nastupao na Svetosavskom balu u Be\u010du ali ve\u010deras je povod nastup moje \u0107erke sa Beo-baletom, divan je ose\u0107aj. Ponosan sam \u0161to sam Srbin i \u0161to se nalazim u Be\u010du i ovom divnom balu, ovoj tradicionalnoj ve\u010deri gde pokazujemo celom svetu da imamo divnu kulturu, veliku tradiciju i kako negujemo na\u0161u duhovnost.\u201d<\/p>\n\n<p><strong><a href=\"https:\/\/savaball.at\/de\/bilder\/25-svetosavski-bal\/\">Slike 25. Svetosavskog bala<\/a><\/strong><\/p>\n\n<p><\/p>\n","protected":false},"excerpt":{"rendered":"<p>Der 25. Savaball fand am 18. J\u00e4nner 2024 in zw\u00f6lf Balls\u00e4len der renommierten Wiener Hofburg statt und begeisterte 2.000 G\u00e4ste, unter anderem auch den \u00f6sterreichischen Bundeskanzler Karl Nehammer.<\/p>\n","protected":false},"author":2,"featured_media":22499,"comment_status":"open","ping_status":"open","sticky":false,"template":"","format":"standard","meta":{"footnotes":""},"categories":[24],"tags":[],"class_list":["post-22839","post","type-post","status-publish","format-standard","has-post-thumbnail","hentry","category-arhiva"],"yoast_head":"<!-- This site is optimized with the Yoast SEO plugin v27.4 - https:\/\/yoast.com\/product\/yoast-seo-wordpress\/ -->\n<title>Jubilarni\u00a025.\u00a0Svetosavski\u00a0bal<\/title>\n<meta name=\"description\" content=\"Jubilarni 25. Svetosavski bal u Be\u010du uspe\u0161no je odr\u017ean u presti\u017enom balskom prostoru be\u010dkog Hofburga, u 12 sala sa preko 2000 gostiju iz razli\u010ditih zemalja i po\u010dasnim gostom, austrijskim kancelarom Karlom Nehamerom.\" \/>\n<meta name=\"robots\" content=\"index, follow, max-snippet:-1, max-image-preview:large, max-video-preview:-1\" \/>\n<link rel=\"canonical\" href=\"https:\/\/savaball.at\/de\/25-svetosavski-bal\/\" \/>\n<meta property=\"og:locale\" content=\"de_DE\" \/>\n<meta property=\"og:type\" content=\"article\" \/>\n<meta property=\"og:title\" content=\"Jubilarni\u00a025.\u00a0Svetosavski\u00a0bal\" \/>\n<meta property=\"og:description\" content=\"Jubilarni 25. Svetosavski bal u Be\u010du uspe\u0161no je odr\u017ean u presti\u017enom balskom prostoru be\u010dkog Hofburga, u 12 sala sa preko 2000 gostiju iz razli\u010ditih zemalja i po\u010dasnim gostom, austrijskim kancelarom Karlom Nehamerom.\" \/>\n<meta property=\"og:url\" content=\"https:\/\/savaball.at\/de\/25-svetosavski-bal\/\" \/>\n<meta property=\"og:site_name\" content=\"Svetosavski Bal\" \/>\n<meta property=\"article:published_time\" content=\"2024-01-21T12:06:30+00:00\" \/>\n<meta property=\"article:modified_time\" content=\"2024-11-20T10:11:43+00:00\" \/>\n<meta property=\"og:image\" content=\"https:\/\/savaball.at\/wp-content\/uploads\/2024\/01\/Gruenwerth_Savaball24_Express_SM-10-scaled.jpg\" \/>\n\t<meta property=\"og:image:width\" content=\"2560\" \/>\n\t<meta property=\"og:image:height\" content=\"1707\" \/>\n\t<meta property=\"og:image:type\" content=\"image\/jpeg\" \/>\n<meta name=\"author\" content=\"Srpski Centar\" \/>\n<meta name=\"twitter:card\" content=\"summary_large_image\" \/>\n<meta name=\"twitter:label1\" content=\"Verfasst von\" \/>\n\t<meta name=\"twitter:data1\" content=\"Srpski Centar\" \/>\n\t<meta name=\"twitter:label2\" content=\"Gesch\u00e4tzte Lesezeit\" \/>\n\t<meta name=\"twitter:data2\" content=\"8\u00a0Minuten\" \/>\n<script type=\"application\/ld+json\" class=\"yoast-schema-graph\">{\"@context\":\"https:\\\/\\\/schema.org\",\"@graph\":[{\"@type\":\"Article\",\"@id\":\"https:\\\/\\\/savaball.at\\\/de\\\/25-svetosavski-bal\\\/#article\",\"isPartOf\":{\"@id\":\"https:\\\/\\\/savaball.at\\\/de\\\/25-svetosavski-bal\\\/\"},\"author\":{\"name\":\"Srpski Centar\",\"@id\":\"https:\\\/\\\/savaball.at\\\/de\\\/#\\\/schema\\\/person\\\/74985bcd377dee4b5bfc23e8ed62d352\"},\"headline\":\"25.\u00a0Savaball\",\"datePublished\":\"2024-01-21T12:06:30+00:00\",\"dateModified\":\"2024-11-20T10:11:43+00:00\",\"mainEntityOfPage\":{\"@id\":\"https:\\\/\\\/savaball.at\\\/de\\\/25-svetosavski-bal\\\/\"},\"wordCount\":1545,\"commentCount\":0,\"publisher\":{\"@id\":\"https:\\\/\\\/savaball.at\\\/de\\\/#organization\"},\"image\":{\"@id\":\"https:\\\/\\\/savaball.at\\\/de\\\/25-svetosavski-bal\\\/#primaryimage\"},\"thumbnailUrl\":\"https:\\\/\\\/savaball.at\\\/wp-content\\\/uploads\\\/2024\\\/01\\\/Gruenwerth_Savaball24_Express_SM-10-scaled.jpg\",\"articleSection\":[\"Arhiva\"],\"inLanguage\":\"de\",\"potentialAction\":[{\"@type\":\"CommentAction\",\"name\":\"Comment\",\"target\":[\"https:\\\/\\\/savaball.at\\\/de\\\/25-svetosavski-bal\\\/#respond\"]}]},{\"@type\":\"WebPage\",\"@id\":\"https:\\\/\\\/savaball.at\\\/de\\\/25-svetosavski-bal\\\/\",\"url\":\"https:\\\/\\\/savaball.at\\\/de\\\/25-svetosavski-bal\\\/\",\"name\":\"Jubilarni\u00a025.\u00a0Svetosavski\u00a0bal\",\"isPartOf\":{\"@id\":\"https:\\\/\\\/savaball.at\\\/de\\\/#website\"},\"primaryImageOfPage\":{\"@id\":\"https:\\\/\\\/savaball.at\\\/de\\\/25-svetosavski-bal\\\/#primaryimage\"},\"image\":{\"@id\":\"https:\\\/\\\/savaball.at\\\/de\\\/25-svetosavski-bal\\\/#primaryimage\"},\"thumbnailUrl\":\"https:\\\/\\\/savaball.at\\\/wp-content\\\/uploads\\\/2024\\\/01\\\/Gruenwerth_Savaball24_Express_SM-10-scaled.jpg\",\"datePublished\":\"2024-01-21T12:06:30+00:00\",\"dateModified\":\"2024-11-20T10:11:43+00:00\",\"description\":\"Jubilarni 25. Svetosavski bal u Be\u010du uspe\u0161no je odr\u017ean u presti\u017enom balskom prostoru be\u010dkog Hofburga, u 12 sala sa preko 2000 gostiju iz razli\u010ditih zemalja i po\u010dasnim gostom, austrijskim kancelarom Karlom Nehamerom.\",\"breadcrumb\":{\"@id\":\"https:\\\/\\\/savaball.at\\\/de\\\/25-svetosavski-bal\\\/#breadcrumb\"},\"inLanguage\":\"de\",\"potentialAction\":[{\"@type\":\"ReadAction\",\"target\":[\"https:\\\/\\\/savaball.at\\\/de\\\/25-svetosavski-bal\\\/\"]}]},{\"@type\":\"ImageObject\",\"inLanguage\":\"de\",\"@id\":\"https:\\\/\\\/savaball.at\\\/de\\\/25-svetosavski-bal\\\/#primaryimage\",\"url\":\"https:\\\/\\\/savaball.at\\\/wp-content\\\/uploads\\\/2024\\\/01\\\/Gruenwerth_Savaball24_Express_SM-10-scaled.jpg\",\"contentUrl\":\"https:\\\/\\\/savaball.at\\\/wp-content\\\/uploads\\\/2024\\\/01\\\/Gruenwerth_Savaball24_Express_SM-10-scaled.jpg\",\"width\":2560,\"height\":1707},{\"@type\":\"BreadcrumbList\",\"@id\":\"https:\\\/\\\/savaball.at\\\/de\\\/25-svetosavski-bal\\\/#breadcrumb\",\"itemListElement\":[{\"@type\":\"ListItem\",\"position\":1,\"name\":\"Home\",\"item\":\"https:\\\/\\\/savaball.at\\\/de\\\/\"},{\"@type\":\"ListItem\",\"position\":2,\"name\":\"25.\u00a0Savaball\"}]},{\"@type\":\"WebSite\",\"@id\":\"https:\\\/\\\/savaball.at\\\/de\\\/#website\",\"url\":\"https:\\\/\\\/savaball.at\\\/de\\\/\",\"name\":\"Svetosavski Bal\",\"description\":\"Under Construction\",\"publisher\":{\"@id\":\"https:\\\/\\\/savaball.at\\\/de\\\/#organization\"},\"potentialAction\":[{\"@type\":\"SearchAction\",\"target\":{\"@type\":\"EntryPoint\",\"urlTemplate\":\"https:\\\/\\\/savaball.at\\\/de\\\/?s={search_term_string}\"},\"query-input\":{\"@type\":\"PropertyValueSpecification\",\"valueRequired\":true,\"valueName\":\"search_term_string\"}}],\"inLanguage\":\"de\"},{\"@type\":\"Organization\",\"@id\":\"https:\\\/\\\/savaball.at\\\/de\\\/#organization\",\"name\":\"Svetosavski Bal\",\"url\":\"https:\\\/\\\/savaball.at\\\/de\\\/\",\"logo\":{\"@type\":\"ImageObject\",\"inLanguage\":\"de\",\"@id\":\"https:\\\/\\\/savaball.at\\\/de\\\/#\\\/schema\\\/logo\\\/image\\\/\",\"url\":\"https:\\\/\\\/savaball.at\\\/wp-content\\\/uploads\\\/2022\\\/05\\\/SB-04-3.svg\",\"contentUrl\":\"https:\\\/\\\/savaball.at\\\/wp-content\\\/uploads\\\/2022\\\/05\\\/SB-04-3.svg\",\"width\":1227,\"height\":218,\"caption\":\"Svetosavski Bal\"},\"image\":{\"@id\":\"https:\\\/\\\/savaball.at\\\/de\\\/#\\\/schema\\\/logo\\\/image\\\/\"}},{\"@type\":\"Person\",\"@id\":\"https:\\\/\\\/savaball.at\\\/de\\\/#\\\/schema\\\/person\\\/74985bcd377dee4b5bfc23e8ed62d352\",\"name\":\"Srpski Centar\",\"image\":{\"@type\":\"ImageObject\",\"inLanguage\":\"de\",\"@id\":\"https:\\\/\\\/secure.gravatar.com\\\/avatar\\\/60c9d36e595b167fba91ae0df2220cd40fc459fe63837eeb77a264740307ceb7?s=96&d=mm&r=g\",\"url\":\"https:\\\/\\\/secure.gravatar.com\\\/avatar\\\/60c9d36e595b167fba91ae0df2220cd40fc459fe63837eeb77a264740307ceb7?s=96&d=mm&r=g\",\"contentUrl\":\"https:\\\/\\\/secure.gravatar.com\\\/avatar\\\/60c9d36e595b167fba91ae0df2220cd40fc459fe63837eeb77a264740307ceb7?s=96&d=mm&r=g\",\"caption\":\"Srpski Centar\"},\"url\":\"https:\\\/\\\/savaball.at\\\/de\\\/author\\\/srpski-centar\\\/\"}]}<\/script>\n<!-- \/ Yoast SEO plugin. -->","yoast_head_json":{"title":"Jubilarni\u00a025.\u00a0Svetosavski\u00a0bal","description":"Jubilarni 25. Svetosavski bal u Be\u010du uspe\u0161no je odr\u017ean u presti\u017enom balskom prostoru be\u010dkog Hofburga, u 12 sala sa preko 2000 gostiju iz razli\u010ditih zemalja i po\u010dasnim gostom, austrijskim kancelarom Karlom Nehamerom.","robots":{"index":"index","follow":"follow","max-snippet":"max-snippet:-1","max-image-preview":"max-image-preview:large","max-video-preview":"max-video-preview:-1"},"canonical":"https:\/\/savaball.at\/de\/25-svetosavski-bal\/","og_locale":"de_DE","og_type":"article","og_title":"Jubilarni\u00a025.\u00a0Svetosavski\u00a0bal","og_description":"Jubilarni 25. Svetosavski bal u Be\u010du uspe\u0161no je odr\u017ean u presti\u017enom balskom prostoru be\u010dkog Hofburga, u 12 sala sa preko 2000 gostiju iz razli\u010ditih zemalja i po\u010dasnim gostom, austrijskim kancelarom Karlom Nehamerom.","og_url":"https:\/\/savaball.at\/de\/25-svetosavski-bal\/","og_site_name":"Svetosavski Bal","article_published_time":"2024-01-21T12:06:30+00:00","article_modified_time":"2024-11-20T10:11:43+00:00","og_image":[{"width":2560,"height":1707,"url":"https:\/\/savaball.at\/wp-content\/uploads\/2024\/01\/Gruenwerth_Savaball24_Express_SM-10-scaled.jpg","type":"image\/jpeg"}],"author":"Srpski Centar","twitter_card":"summary_large_image","twitter_misc":{"Verfasst von":"Srpski Centar","Gesch\u00e4tzte Lesezeit":"8\u00a0Minuten"},"schema":{"@context":"https:\/\/schema.org","@graph":[{"@type":"Article","@id":"https:\/\/savaball.at\/de\/25-svetosavski-bal\/#article","isPartOf":{"@id":"https:\/\/savaball.at\/de\/25-svetosavski-bal\/"},"author":{"name":"Srpski Centar","@id":"https:\/\/savaball.at\/de\/#\/schema\/person\/74985bcd377dee4b5bfc23e8ed62d352"},"headline":"25.\u00a0Savaball","datePublished":"2024-01-21T12:06:30+00:00","dateModified":"2024-11-20T10:11:43+00:00","mainEntityOfPage":{"@id":"https:\/\/savaball.at\/de\/25-svetosavski-bal\/"},"wordCount":1545,"commentCount":0,"publisher":{"@id":"https:\/\/savaball.at\/de\/#organization"},"image":{"@id":"https:\/\/savaball.at\/de\/25-svetosavski-bal\/#primaryimage"},"thumbnailUrl":"https:\/\/savaball.at\/wp-content\/uploads\/2024\/01\/Gruenwerth_Savaball24_Express_SM-10-scaled.jpg","articleSection":["Arhiva"],"inLanguage":"de","potentialAction":[{"@type":"CommentAction","name":"Comment","target":["https:\/\/savaball.at\/de\/25-svetosavski-bal\/#respond"]}]},{"@type":"WebPage","@id":"https:\/\/savaball.at\/de\/25-svetosavski-bal\/","url":"https:\/\/savaball.at\/de\/25-svetosavski-bal\/","name":"Jubilarni\u00a025.\u00a0Svetosavski\u00a0bal","isPartOf":{"@id":"https:\/\/savaball.at\/de\/#website"},"primaryImageOfPage":{"@id":"https:\/\/savaball.at\/de\/25-svetosavski-bal\/#primaryimage"},"image":{"@id":"https:\/\/savaball.at\/de\/25-svetosavski-bal\/#primaryimage"},"thumbnailUrl":"https:\/\/savaball.at\/wp-content\/uploads\/2024\/01\/Gruenwerth_Savaball24_Express_SM-10-scaled.jpg","datePublished":"2024-01-21T12:06:30+00:00","dateModified":"2024-11-20T10:11:43+00:00","description":"Jubilarni 25. Svetosavski bal u Be\u010du uspe\u0161no je odr\u017ean u presti\u017enom balskom prostoru be\u010dkog Hofburga, u 12 sala sa preko 2000 gostiju iz razli\u010ditih zemalja i po\u010dasnim gostom, austrijskim kancelarom Karlom Nehamerom.","breadcrumb":{"@id":"https:\/\/savaball.at\/de\/25-svetosavski-bal\/#breadcrumb"},"inLanguage":"de","potentialAction":[{"@type":"ReadAction","target":["https:\/\/savaball.at\/de\/25-svetosavski-bal\/"]}]},{"@type":"ImageObject","inLanguage":"de","@id":"https:\/\/savaball.at\/de\/25-svetosavski-bal\/#primaryimage","url":"https:\/\/savaball.at\/wp-content\/uploads\/2024\/01\/Gruenwerth_Savaball24_Express_SM-10-scaled.jpg","contentUrl":"https:\/\/savaball.at\/wp-content\/uploads\/2024\/01\/Gruenwerth_Savaball24_Express_SM-10-scaled.jpg","width":2560,"height":1707},{"@type":"BreadcrumbList","@id":"https:\/\/savaball.at\/de\/25-svetosavski-bal\/#breadcrumb","itemListElement":[{"@type":"ListItem","position":1,"name":"Home","item":"https:\/\/savaball.at\/de\/"},{"@type":"ListItem","position":2,"name":"25.\u00a0Savaball"}]},{"@type":"WebSite","@id":"https:\/\/savaball.at\/de\/#website","url":"https:\/\/savaball.at\/de\/","name":"Svetosavski Bal","description":"Under Construction","publisher":{"@id":"https:\/\/savaball.at\/de\/#organization"},"potentialAction":[{"@type":"SearchAction","target":{"@type":"EntryPoint","urlTemplate":"https:\/\/savaball.at\/de\/?s={search_term_string}"},"query-input":{"@type":"PropertyValueSpecification","valueRequired":true,"valueName":"search_term_string"}}],"inLanguage":"de"},{"@type":"Organization","@id":"https:\/\/savaball.at\/de\/#organization","name":"Svetosavski Bal","url":"https:\/\/savaball.at\/de\/","logo":{"@type":"ImageObject","inLanguage":"de","@id":"https:\/\/savaball.at\/de\/#\/schema\/logo\/image\/","url":"https:\/\/savaball.at\/wp-content\/uploads\/2022\/05\/SB-04-3.svg","contentUrl":"https:\/\/savaball.at\/wp-content\/uploads\/2022\/05\/SB-04-3.svg","width":1227,"height":218,"caption":"Svetosavski Bal"},"image":{"@id":"https:\/\/savaball.at\/de\/#\/schema\/logo\/image\/"}},{"@type":"Person","@id":"https:\/\/savaball.at\/de\/#\/schema\/person\/74985bcd377dee4b5bfc23e8ed62d352","name":"Srpski Centar","image":{"@type":"ImageObject","inLanguage":"de","@id":"https:\/\/secure.gravatar.com\/avatar\/60c9d36e595b167fba91ae0df2220cd40fc459fe63837eeb77a264740307ceb7?s=96&d=mm&r=g","url":"https:\/\/secure.gravatar.com\/avatar\/60c9d36e595b167fba91ae0df2220cd40fc459fe63837eeb77a264740307ceb7?s=96&d=mm&r=g","contentUrl":"https:\/\/secure.gravatar.com\/avatar\/60c9d36e595b167fba91ae0df2220cd40fc459fe63837eeb77a264740307ceb7?s=96&d=mm&r=g","caption":"Srpski Centar"},"url":"https:\/\/savaball.at\/de\/author\/srpski-centar\/"}]}},"_links":{"self":[{"href":"https:\/\/savaball.at\/de\/wp-json\/wp\/v2\/posts\/22839","targetHints":{"allow":["GET"]}}],"collection":[{"href":"https:\/\/savaball.at\/de\/wp-json\/wp\/v2\/posts"}],"about":[{"href":"https:\/\/savaball.at\/de\/wp-json\/wp\/v2\/types\/post"}],"author":[{"embeddable":true,"href":"https:\/\/savaball.at\/de\/wp-json\/wp\/v2\/users\/2"}],"replies":[{"embeddable":true,"href":"https:\/\/savaball.at\/de\/wp-json\/wp\/v2\/comments?post=22839"}],"version-history":[{"count":0,"href":"https:\/\/savaball.at\/de\/wp-json\/wp\/v2\/posts\/22839\/revisions"}],"wp:featuredmedia":[{"embeddable":true,"href":"https:\/\/savaball.at\/de\/wp-json\/wp\/v2\/media\/22499"}],"wp:attachment":[{"href":"https:\/\/savaball.at\/de\/wp-json\/wp\/v2\/media?parent=22839"}],"wp:term":[{"taxonomy":"category","embeddable":true,"href":"https:\/\/savaball.at\/de\/wp-json\/wp\/v2\/categories?post=22839"},{"taxonomy":"post_tag","embeddable":true,"href":"https:\/\/savaball.at\/de\/wp-json\/wp\/v2\/tags?post=22839"}],"curies":[{"name":"wp","href":"https:\/\/api.w.org\/{rel}","templated":true}]}}