{"id":21117,"date":"2023-10-29T13:01:34","date_gmt":"2023-10-29T13:01:34","guid":{"rendered":"https:\/\/savaball.at\/kuenstler-und-moderatoren-des-25-savaballs\/"},"modified":"2024-11-20T10:14:00","modified_gmt":"2024-11-20T10:14:00","slug":"kuenstler-und-moderatoren-des-25-savaballs","status":"publish","type":"post","link":"https:\/\/savaball.at\/de\/kuenstler-und-moderatoren-des-25-savaballs\/","title":{"rendered":"K\u00fcnstler und Moderatoren des 25. Savaballs"},"content":{"rendered":"\n<p>Jene K\u00fcnstlerinnen und K\u00fcnstler, die den G\u00e4sten des 25. Savaballs ein unvergessliches Erlebnis bieten werden, sind:<\/p>\n\n<p><strong>\u017deljko Joksimovi\u0107<\/strong>, ein bekannter serbischer S\u00e4nger und Komponist, dessen Karriereh\u00f6hepunkt im Jahr 2004 lag, als er mit dem Lied &#8222;Lane moje&#8220; den zweiten Platz beim Eurovision Song Contest erreichte. <strong>Ana \u0160tajdohar<\/strong>, eine serbische Pop-S\u00e4ngerin und ehemaliges Mitglied der Gruppe Tap 011, die sp\u00e4ter durch ihre Interpretationen von Welt- und heimischen Hits bekannt wurde.<\/p>\n\n<p><strong>Jelena Gavrilovi\u0107<\/strong>, eine serbische Schauspielerin und S\u00e4ngerin, die auf dem Balkan einem breiten Publikum bekannt ist und eine Hauptrolle in der zweiten Staffel der amerikanischen Serie &#8222;The Outpost&#8220; spielt. Sopran <strong>Tamara Ra\u0111enovi\u0107<\/strong>, eine junge Opernk\u00fcnstlerin, die in den letzten zehn Jahren eine erfolgreiche weltweite Karriere aufgebaut hat. Stefan Zdravkovi\u0107, besser bekannt als <strong>\u201e<\/strong><strong>Prin<\/strong><strong>c\u201c<\/strong> oder das &#8222;Gesangswunder aus Vranje&#8220;, einer der talentiertesten jungen K\u00fcnstler in Serbien.<\/p>\n\n<p><strong>A:Muzika Band<\/strong>, Teil des A:Muzika Orchesters und der k\u00fcnstlerischen Familie des A:Kultura-Vereins aus Wien. Marko Milo\u0161evi\u0107 (<strong>MKDSL<\/strong>) mit dem Projekt Kluboslavija, das sich mit der Wiederbelebung von Clubmusik aus dem ehemaligen Jugoslawien besch\u00e4ftigt. <strong>BeoBalet<\/strong>, eine internationale Schule aus Belgrad mit einer \u00fcber 15-j\u00e4hrigen Tradition, durch die bereits mehr als 2000 M\u00e4dchen gegangen sind.<\/p>\n\n<p>Das Wiener Trio <strong>Dusha Connection<\/strong>, das zum Ziel hat, den Jazz vergangener Tage wiederzubeleben und ihm zu neuer Bl\u00fcte zu verhelfen. <strong>Sanja Vuka\u0161inovi\u0107<\/strong>, Mitglied des Behindertenvereins und seit 2008 aktives Mitglied des Tanzclubs &#8222;WheelChairDanceSalzburg&#8220;. <strong>Branko Bako Jovanovi\u0107<\/strong>, in Wien geboren, trat in ganz Europa auf und pr\u00e4sentierte die Tambura und ihren einzigartigen Klang.<\/p>\n\n<p>Das <strong>Orchester des Serbischen Nationaltheaters (SNP)<\/strong>, das seit seiner Gr\u00fcndung etwa 210 Opern und 120 Ballettpremieren aufgef\u00fchrt hat, sowie der <strong>Chor des SNP<\/strong> und die SNP-Solistinnen, <strong>Nevena Relj<\/strong>in und <strong>Zoran \u0160andorov<\/strong>. Studierende der <strong>Fakult\u00e4t f\u00fcr Musik in Belgrad (FMU)<\/strong>, die als angesehenste Musik-Hochschule in Serbien gilt. <strong>Milana Prodanovi\u0107<\/strong>, eine junge Solistin, die 2000 in Belgrad geboren wurde und derzeit in Wien studiert.<\/p>\n\n<p>Die <strong>Big Band aus Novi Sad<\/strong>, bestehend aus professionellen und renommierten Jazz- und Popmusikern, mit dem Ziel, die Orchestertradition der Stadt Novi Sad fortzusetzen. <strong>DJane Mel Merio<\/strong>, die als Moderatorin des erfolgreichen TV-Formats &#8222;Metro&#8220; auf Pro 7 bekannt wurde und seit vielen Jahren als S\u00e4ngerin und DJane auf der Wiener und internationalen B\u00fchne arbeitet.<\/p>\n\n<p> <\/p>\n\n<p>Die Moderation des 25. Savaballs wird von <strong>Aleksandar Stojanovi\u0107<\/strong>, einem Journalisten, Moderator, Kommentator und Autor, der haupts\u00e4chlich im Sportbereich t\u00e4tig ist, jedoch auch in Unterhaltungssendungen sowie von <strong>Ivana Urban<\/strong>, die in Wien geboren wurde, die Schauspielschule besuchte und 2017 graduierte und auch im Nationaltheater und im Burgtheater unter der Regie von Peter Gruber auftrat, \u00fcbernommen.<\/p>\n","protected":false},"excerpt":{"rendered":"<p>Jene K\u00fcnstlerinnen und K\u00fcnstler, die den G\u00e4sten des 25. Savaballs ein unvergessliches Erlebnis bieten werden, sind:<\/p>\n","protected":false},"author":2,"featured_media":20828,"comment_status":"open","ping_status":"open","sticky":false,"template":"","format":"standard","meta":{"footnotes":""},"categories":[24],"tags":[],"class_list":["post-21117","post","type-post","status-publish","format-standard","has-post-thumbnail","hentry","category-arhiva"],"yoast_head":"<!-- This site is optimized with the Yoast SEO plugin v27.4 - https:\/\/yoast.com\/product\/yoast-seo-wordpress\/ -->\n<title>K\u00fcnstler und Moderatoren des 25. Savaballs | Savaball 2024<\/title>\n<meta name=\"description\" content=\"K\u00fcnstler und Moderatoren des 25. Savaballs\" \/>\n<meta name=\"robots\" content=\"index, follow, max-snippet:-1, max-image-preview:large, max-video-preview:-1\" \/>\n<link rel=\"canonical\" href=\"https:\/\/savaball.at\/de\/kuenstler-und-moderatoren-des-25-savaballs\/\" \/>\n<meta property=\"og:locale\" content=\"de_DE\" \/>\n<meta property=\"og:type\" content=\"article\" \/>\n<meta property=\"og:title\" content=\"K\u00fcnstler und Moderatoren des 25. Savaballs | Savaball 2024\" \/>\n<meta property=\"og:description\" content=\"K\u00fcnstler und Moderatoren des 25. Savaballs\" \/>\n<meta property=\"og:url\" content=\"https:\/\/savaball.at\/de\/kuenstler-und-moderatoren-des-25-savaballs\/\" \/>\n<meta property=\"og:site_name\" content=\"Svetosavski Bal\" \/>\n<meta property=\"article:published_time\" content=\"2023-10-29T13:01:34+00:00\" \/>\n<meta property=\"article:modified_time\" content=\"2024-11-20T10:14:00+00:00\" \/>\n<meta property=\"og:image\" content=\"https:\/\/savaball.at\/wp-content\/uploads\/2023\/10\/1K2A2085.webp\" \/>\n\t<meta property=\"og:image:width\" content=\"1000\" \/>\n\t<meta property=\"og:image:height\" content=\"667\" \/>\n\t<meta property=\"og:image:type\" content=\"image\/webp\" \/>\n<meta name=\"author\" content=\"Srpski Centar\" \/>\n<meta name=\"twitter:card\" content=\"summary_large_image\" \/>\n<meta name=\"twitter:label1\" content=\"Verfasst von\" \/>\n\t<meta name=\"twitter:data1\" content=\"Srpski Centar\" \/>\n\t<meta name=\"twitter:label2\" content=\"Gesch\u00e4tzte Lesezeit\" \/>\n\t<meta name=\"twitter:data2\" content=\"2\u00a0Minuten\" \/>\n<script type=\"application\/ld+json\" class=\"yoast-schema-graph\">{\"@context\":\"https:\\\/\\\/schema.org\",\"@graph\":[{\"@type\":\"Article\",\"@id\":\"https:\\\/\\\/savaball.at\\\/de\\\/kuenstler-und-moderatoren-des-25-savaballs\\\/#article\",\"isPartOf\":{\"@id\":\"https:\\\/\\\/savaball.at\\\/de\\\/kuenstler-und-moderatoren-des-25-savaballs\\\/\"},\"author\":{\"name\":\"Srpski Centar\",\"@id\":\"https:\\\/\\\/savaball.at\\\/de\\\/#\\\/schema\\\/person\\\/74985bcd377dee4b5bfc23e8ed62d352\"},\"headline\":\"K\u00fcnstler und Moderatoren des 25. Savaballs\",\"datePublished\":\"2023-10-29T13:01:34+00:00\",\"dateModified\":\"2024-11-20T10:14:00+00:00\",\"mainEntityOfPage\":{\"@id\":\"https:\\\/\\\/savaball.at\\\/de\\\/kuenstler-und-moderatoren-des-25-savaballs\\\/\"},\"wordCount\":437,\"commentCount\":0,\"publisher\":{\"@id\":\"https:\\\/\\\/savaball.at\\\/de\\\/#organization\"},\"image\":{\"@id\":\"https:\\\/\\\/savaball.at\\\/de\\\/kuenstler-und-moderatoren-des-25-savaballs\\\/#primaryimage\"},\"thumbnailUrl\":\"https:\\\/\\\/savaball.at\\\/wp-content\\\/uploads\\\/2023\\\/10\\\/1K2A2085.webp\",\"articleSection\":[\"Arhiva\"],\"inLanguage\":\"de\",\"potentialAction\":[{\"@type\":\"CommentAction\",\"name\":\"Comment\",\"target\":[\"https:\\\/\\\/savaball.at\\\/de\\\/kuenstler-und-moderatoren-des-25-savaballs\\\/#respond\"]}]},{\"@type\":\"WebPage\",\"@id\":\"https:\\\/\\\/savaball.at\\\/de\\\/kuenstler-und-moderatoren-des-25-savaballs\\\/\",\"url\":\"https:\\\/\\\/savaball.at\\\/de\\\/kuenstler-und-moderatoren-des-25-savaballs\\\/\",\"name\":\"K\u00fcnstler und Moderatoren des 25. Savaballs | Savaball 2024\",\"isPartOf\":{\"@id\":\"https:\\\/\\\/savaball.at\\\/de\\\/#website\"},\"primaryImageOfPage\":{\"@id\":\"https:\\\/\\\/savaball.at\\\/de\\\/kuenstler-und-moderatoren-des-25-savaballs\\\/#primaryimage\"},\"image\":{\"@id\":\"https:\\\/\\\/savaball.at\\\/de\\\/kuenstler-und-moderatoren-des-25-savaballs\\\/#primaryimage\"},\"thumbnailUrl\":\"https:\\\/\\\/savaball.at\\\/wp-content\\\/uploads\\\/2023\\\/10\\\/1K2A2085.webp\",\"datePublished\":\"2023-10-29T13:01:34+00:00\",\"dateModified\":\"2024-11-20T10:14:00+00:00\",\"description\":\"K\u00fcnstler und Moderatoren des 25. Savaballs\",\"breadcrumb\":{\"@id\":\"https:\\\/\\\/savaball.at\\\/de\\\/kuenstler-und-moderatoren-des-25-savaballs\\\/#breadcrumb\"},\"inLanguage\":\"de\",\"potentialAction\":[{\"@type\":\"ReadAction\",\"target\":[\"https:\\\/\\\/savaball.at\\\/de\\\/kuenstler-und-moderatoren-des-25-savaballs\\\/\"]}]},{\"@type\":\"ImageObject\",\"inLanguage\":\"de\",\"@id\":\"https:\\\/\\\/savaball.at\\\/de\\\/kuenstler-und-moderatoren-des-25-savaballs\\\/#primaryimage\",\"url\":\"https:\\\/\\\/savaball.at\\\/wp-content\\\/uploads\\\/2023\\\/10\\\/1K2A2085.webp\",\"contentUrl\":\"https:\\\/\\\/savaball.at\\\/wp-content\\\/uploads\\\/2023\\\/10\\\/1K2A2085.webp\",\"width\":1000,\"height\":667},{\"@type\":\"BreadcrumbList\",\"@id\":\"https:\\\/\\\/savaball.at\\\/de\\\/kuenstler-und-moderatoren-des-25-savaballs\\\/#breadcrumb\",\"itemListElement\":[{\"@type\":\"ListItem\",\"position\":1,\"name\":\"Home\",\"item\":\"https:\\\/\\\/savaball.at\\\/de\\\/\"},{\"@type\":\"ListItem\",\"position\":2,\"name\":\"K\u00fcnstler und Moderatoren des 25. Savaballs\"}]},{\"@type\":\"WebSite\",\"@id\":\"https:\\\/\\\/savaball.at\\\/de\\\/#website\",\"url\":\"https:\\\/\\\/savaball.at\\\/de\\\/\",\"name\":\"Svetosavski Bal\",\"description\":\"Under Construction\",\"publisher\":{\"@id\":\"https:\\\/\\\/savaball.at\\\/de\\\/#organization\"},\"potentialAction\":[{\"@type\":\"SearchAction\",\"target\":{\"@type\":\"EntryPoint\",\"urlTemplate\":\"https:\\\/\\\/savaball.at\\\/de\\\/?s={search_term_string}\"},\"query-input\":{\"@type\":\"PropertyValueSpecification\",\"valueRequired\":true,\"valueName\":\"search_term_string\"}}],\"inLanguage\":\"de\"},{\"@type\":\"Organization\",\"@id\":\"https:\\\/\\\/savaball.at\\\/de\\\/#organization\",\"name\":\"Svetosavski Bal\",\"url\":\"https:\\\/\\\/savaball.at\\\/de\\\/\",\"logo\":{\"@type\":\"ImageObject\",\"inLanguage\":\"de\",\"@id\":\"https:\\\/\\\/savaball.at\\\/de\\\/#\\\/schema\\\/logo\\\/image\\\/\",\"url\":\"https:\\\/\\\/savaball.at\\\/wp-content\\\/uploads\\\/2022\\\/05\\\/SB-04-3.svg\",\"contentUrl\":\"https:\\\/\\\/savaball.at\\\/wp-content\\\/uploads\\\/2022\\\/05\\\/SB-04-3.svg\",\"width\":1227,\"height\":218,\"caption\":\"Svetosavski Bal\"},\"image\":{\"@id\":\"https:\\\/\\\/savaball.at\\\/de\\\/#\\\/schema\\\/logo\\\/image\\\/\"}},{\"@type\":\"Person\",\"@id\":\"https:\\\/\\\/savaball.at\\\/de\\\/#\\\/schema\\\/person\\\/74985bcd377dee4b5bfc23e8ed62d352\",\"name\":\"Srpski Centar\",\"image\":{\"@type\":\"ImageObject\",\"inLanguage\":\"de\",\"@id\":\"https:\\\/\\\/secure.gravatar.com\\\/avatar\\\/60c9d36e595b167fba91ae0df2220cd40fc459fe63837eeb77a264740307ceb7?s=96&d=mm&r=g\",\"url\":\"https:\\\/\\\/secure.gravatar.com\\\/avatar\\\/60c9d36e595b167fba91ae0df2220cd40fc459fe63837eeb77a264740307ceb7?s=96&d=mm&r=g\",\"contentUrl\":\"https:\\\/\\\/secure.gravatar.com\\\/avatar\\\/60c9d36e595b167fba91ae0df2220cd40fc459fe63837eeb77a264740307ceb7?s=96&d=mm&r=g\",\"caption\":\"Srpski Centar\"},\"url\":\"https:\\\/\\\/savaball.at\\\/de\\\/author\\\/srpski-centar\\\/\"}]}<\/script>\n<!-- \/ Yoast SEO plugin. -->","yoast_head_json":{"title":"K\u00fcnstler und Moderatoren des 25. Savaballs | Savaball 2024","description":"K\u00fcnstler und Moderatoren des 25. Savaballs","robots":{"index":"index","follow":"follow","max-snippet":"max-snippet:-1","max-image-preview":"max-image-preview:large","max-video-preview":"max-video-preview:-1"},"canonical":"https:\/\/savaball.at\/de\/kuenstler-und-moderatoren-des-25-savaballs\/","og_locale":"de_DE","og_type":"article","og_title":"K\u00fcnstler und Moderatoren des 25. Savaballs | Savaball 2024","og_description":"K\u00fcnstler und Moderatoren des 25. Savaballs","og_url":"https:\/\/savaball.at\/de\/kuenstler-und-moderatoren-des-25-savaballs\/","og_site_name":"Svetosavski Bal","article_published_time":"2023-10-29T13:01:34+00:00","article_modified_time":"2024-11-20T10:14:00+00:00","og_image":[{"width":1000,"height":667,"url":"https:\/\/savaball.at\/wp-content\/uploads\/2023\/10\/1K2A2085.webp","type":"image\/webp"}],"author":"Srpski Centar","twitter_card":"summary_large_image","twitter_misc":{"Verfasst von":"Srpski Centar","Gesch\u00e4tzte Lesezeit":"2\u00a0Minuten"},"schema":{"@context":"https:\/\/schema.org","@graph":[{"@type":"Article","@id":"https:\/\/savaball.at\/de\/kuenstler-und-moderatoren-des-25-savaballs\/#article","isPartOf":{"@id":"https:\/\/savaball.at\/de\/kuenstler-und-moderatoren-des-25-savaballs\/"},"author":{"name":"Srpski Centar","@id":"https:\/\/savaball.at\/de\/#\/schema\/person\/74985bcd377dee4b5bfc23e8ed62d352"},"headline":"K\u00fcnstler und Moderatoren des 25. Savaballs","datePublished":"2023-10-29T13:01:34+00:00","dateModified":"2024-11-20T10:14:00+00:00","mainEntityOfPage":{"@id":"https:\/\/savaball.at\/de\/kuenstler-und-moderatoren-des-25-savaballs\/"},"wordCount":437,"commentCount":0,"publisher":{"@id":"https:\/\/savaball.at\/de\/#organization"},"image":{"@id":"https:\/\/savaball.at\/de\/kuenstler-und-moderatoren-des-25-savaballs\/#primaryimage"},"thumbnailUrl":"https:\/\/savaball.at\/wp-content\/uploads\/2023\/10\/1K2A2085.webp","articleSection":["Arhiva"],"inLanguage":"de","potentialAction":[{"@type":"CommentAction","name":"Comment","target":["https:\/\/savaball.at\/de\/kuenstler-und-moderatoren-des-25-savaballs\/#respond"]}]},{"@type":"WebPage","@id":"https:\/\/savaball.at\/de\/kuenstler-und-moderatoren-des-25-savaballs\/","url":"https:\/\/savaball.at\/de\/kuenstler-und-moderatoren-des-25-savaballs\/","name":"K\u00fcnstler und Moderatoren des 25. Savaballs | Savaball 2024","isPartOf":{"@id":"https:\/\/savaball.at\/de\/#website"},"primaryImageOfPage":{"@id":"https:\/\/savaball.at\/de\/kuenstler-und-moderatoren-des-25-savaballs\/#primaryimage"},"image":{"@id":"https:\/\/savaball.at\/de\/kuenstler-und-moderatoren-des-25-savaballs\/#primaryimage"},"thumbnailUrl":"https:\/\/savaball.at\/wp-content\/uploads\/2023\/10\/1K2A2085.webp","datePublished":"2023-10-29T13:01:34+00:00","dateModified":"2024-11-20T10:14:00+00:00","description":"K\u00fcnstler und Moderatoren des 25. Savaballs","breadcrumb":{"@id":"https:\/\/savaball.at\/de\/kuenstler-und-moderatoren-des-25-savaballs\/#breadcrumb"},"inLanguage":"de","potentialAction":[{"@type":"ReadAction","target":["https:\/\/savaball.at\/de\/kuenstler-und-moderatoren-des-25-savaballs\/"]}]},{"@type":"ImageObject","inLanguage":"de","@id":"https:\/\/savaball.at\/de\/kuenstler-und-moderatoren-des-25-savaballs\/#primaryimage","url":"https:\/\/savaball.at\/wp-content\/uploads\/2023\/10\/1K2A2085.webp","contentUrl":"https:\/\/savaball.at\/wp-content\/uploads\/2023\/10\/1K2A2085.webp","width":1000,"height":667},{"@type":"BreadcrumbList","@id":"https:\/\/savaball.at\/de\/kuenstler-und-moderatoren-des-25-savaballs\/#breadcrumb","itemListElement":[{"@type":"ListItem","position":1,"name":"Home","item":"https:\/\/savaball.at\/de\/"},{"@type":"ListItem","position":2,"name":"K\u00fcnstler und Moderatoren des 25. Savaballs"}]},{"@type":"WebSite","@id":"https:\/\/savaball.at\/de\/#website","url":"https:\/\/savaball.at\/de\/","name":"Svetosavski Bal","description":"Under Construction","publisher":{"@id":"https:\/\/savaball.at\/de\/#organization"},"potentialAction":[{"@type":"SearchAction","target":{"@type":"EntryPoint","urlTemplate":"https:\/\/savaball.at\/de\/?s={search_term_string}"},"query-input":{"@type":"PropertyValueSpecification","valueRequired":true,"valueName":"search_term_string"}}],"inLanguage":"de"},{"@type":"Organization","@id":"https:\/\/savaball.at\/de\/#organization","name":"Svetosavski Bal","url":"https:\/\/savaball.at\/de\/","logo":{"@type":"ImageObject","inLanguage":"de","@id":"https:\/\/savaball.at\/de\/#\/schema\/logo\/image\/","url":"https:\/\/savaball.at\/wp-content\/uploads\/2022\/05\/SB-04-3.svg","contentUrl":"https:\/\/savaball.at\/wp-content\/uploads\/2022\/05\/SB-04-3.svg","width":1227,"height":218,"caption":"Svetosavski Bal"},"image":{"@id":"https:\/\/savaball.at\/de\/#\/schema\/logo\/image\/"}},{"@type":"Person","@id":"https:\/\/savaball.at\/de\/#\/schema\/person\/74985bcd377dee4b5bfc23e8ed62d352","name":"Srpski Centar","image":{"@type":"ImageObject","inLanguage":"de","@id":"https:\/\/secure.gravatar.com\/avatar\/60c9d36e595b167fba91ae0df2220cd40fc459fe63837eeb77a264740307ceb7?s=96&d=mm&r=g","url":"https:\/\/secure.gravatar.com\/avatar\/60c9d36e595b167fba91ae0df2220cd40fc459fe63837eeb77a264740307ceb7?s=96&d=mm&r=g","contentUrl":"https:\/\/secure.gravatar.com\/avatar\/60c9d36e595b167fba91ae0df2220cd40fc459fe63837eeb77a264740307ceb7?s=96&d=mm&r=g","caption":"Srpski Centar"},"url":"https:\/\/savaball.at\/de\/author\/srpski-centar\/"}]}},"_links":{"self":[{"href":"https:\/\/savaball.at\/de\/wp-json\/wp\/v2\/posts\/21117","targetHints":{"allow":["GET"]}}],"collection":[{"href":"https:\/\/savaball.at\/de\/wp-json\/wp\/v2\/posts"}],"about":[{"href":"https:\/\/savaball.at\/de\/wp-json\/wp\/v2\/types\/post"}],"author":[{"embeddable":true,"href":"https:\/\/savaball.at\/de\/wp-json\/wp\/v2\/users\/2"}],"replies":[{"embeddable":true,"href":"https:\/\/savaball.at\/de\/wp-json\/wp\/v2\/comments?post=21117"}],"version-history":[{"count":0,"href":"https:\/\/savaball.at\/de\/wp-json\/wp\/v2\/posts\/21117\/revisions"}],"wp:featuredmedia":[{"embeddable":true,"href":"https:\/\/savaball.at\/de\/wp-json\/wp\/v2\/media\/20828"}],"wp:attachment":[{"href":"https:\/\/savaball.at\/de\/wp-json\/wp\/v2\/media?parent=21117"}],"wp:term":[{"taxonomy":"category","embeddable":true,"href":"https:\/\/savaball.at\/de\/wp-json\/wp\/v2\/categories?post=21117"},{"taxonomy":"post_tag","embeddable":true,"href":"https:\/\/savaball.at\/de\/wp-json\/wp\/v2\/tags?post=21117"}],"curies":[{"name":"wp","href":"https:\/\/api.w.org\/{rel}","templated":true}]}}